{"id":19938,"date":"2024-01-12T13:00:04","date_gmt":"2024-01-12T12:00:04","guid":{"rendered":"https:\/\/www.home.dbrsp.de\/?p=19938"},"modified":"2024-03-18T18:04:36","modified_gmt":"2024-03-18T17:04:36","slug":"mathe-im-advent","status":"publish","type":"post","link":"https:\/\/www.home.dbrsp.de\/index.php\/2024\/01\/12\/mathe-im-advent\/","title":{"rendered":"Mathe im Advent"},"content":{"rendered":"\n\t\t<div id=\"fws_69f2acf0b37f3\"  data-column-margin=\"default\" data-midnight=\"dark\"  class=\"wpb_row vc_row-fluid vc_row\"  style=\"padding-top: 0px; padding-bottom: 0px; \"><div class=\"row-bg-wrap\" data-bg-animation=\"none\" data-bg-animation-delay=\"\" data-bg-overlay=\"false\"><div class=\"inner-wrap row-bg-layer\" ><div class=\"row-bg viewport-desktop\"  style=\"\"><\/div><\/div><\/div><div class=\"row_col_wrap_12 col span_12 dark left\">\n\t<div  class=\"vc_col-sm-12 wpb_column column_container vc_column_container col no-extra-padding inherit_tablet inherit_phone \"  data-padding-pos=\"all\" data-has-bg-color=\"false\" data-bg-color=\"\" data-bg-opacity=\"1\" data-animation=\"\" data-delay=\"0\" >\n\t\t<div class=\"vc_column-inner\" >\n\t\t\t<div class=\"wpb_wrapper\">\n\t\t\t\t\n<div class=\"wpb_text_column wpb_content_element \" >\n\t<h3>\u2013 MINT-Begeisterung schaffen mit einem etwas anderen Adventskalender.<\/h3>\n<\/div>\n\n\n\n<div class=\"divider-wrap\" data-alignment=\"default\"><div style=\"height: 5px;\" class=\"divider\"><\/div><\/div>\n\t\t\t<\/div> \n\t\t<\/div>\n\t<\/div> \n\n\t<div  class=\"vc_col-sm-12 wpb_column column_container vc_column_container col no-extra-padding inherit_tablet inherit_phone \"  data-padding-pos=\"all\" data-has-bg-color=\"false\" data-bg-color=\"\" data-bg-opacity=\"1\" data-animation=\"\" data-delay=\"0\" >\n\t\t<div class=\"vc_column-inner\" >\n\t\t\t<div class=\"wpb_wrapper\">\n\t\t\t\t\n<div class=\"wpb_text_column wpb_content_element \" >\n\t<p><span class=\"s3\">Auch dieses Schuljahr hatten <\/span><span class=\"s3\">alle Sch\u00fclerinnen und Sch\u00fcler der <\/span><span class=\"s3\">f\u00fcnften und <\/span><span class=\"s3\">sechsten Klassen die M\u00f6glichkeit<\/span><span class=\"s3\">,<\/span><span class=\"s3\"> am Mathe-Adventskalender teilzunehmen. <\/span><\/p>\n<p><span class=\"s3\">Die <\/span><span class=\"s3\">Schule<\/span><span class=\"s3\"> sponserte dabei nicht nur die Anmeldegeb\u00fchren, sondern verteilte auch im Januar an die besonders erfolgreichen TeilnehmerInnen Anerkennungspreise. <\/span><\/p>\n<p><span class=\"s3\">Es freut uns<\/span><span class=\"s3\"> sehr<\/span><span class=\"s3\">, dass so viele Sch\u00fclerinnen und Sch\u00fcler hier mit Begeisterung und Engagement mitgemacht haben<\/span><span class=\"s3\">. <\/span><\/p>\n<p><span class=\"s3\">W<\/span><span class=\"s3\">ir hoffen<\/span><span class=\"s3\">,<\/span><span class=\"s3\"> ihr hattet viel Spa\u00df beim Knobeln<\/span><span class=\"s3\">, <\/span><span class=\"s3\">auch wenn es vielleicht nicht f\u00fcr einen Preis gereicht hat<\/span><span class=\"s3\">!<\/span><\/p>\n<p>&nbsp;<\/p>\n<p><span class=\"s3\">Lisa Krieg<br \/>\n<\/span><span class=\"s3\">(MINT-Beauftragte der Dominik-Brunner Realschule)<\/span><\/p>\n<\/div>\n\n\n\n\n\t\t\t<\/div> \n\t\t<\/div>\n\t<\/div> \n<\/div><\/div>\n\t\t<div id=\"fws_69f2acf0b3e8a\"  data-column-margin=\"default\" data-midnight=\"dark\"  class=\"wpb_row vc_row-fluid vc_row\"  style=\"padding-top: 0px; padding-bottom: 0px; \"><div class=\"row-bg-wrap\" data-bg-animation=\"none\" data-bg-animation-delay=\"\" data-bg-overlay=\"false\"><div class=\"inner-wrap row-bg-layer\" ><div class=\"row-bg viewport-desktop\"  style=\"\"><\/div><\/div><\/div><div class=\"row_col_wrap_12 col span_12 dark left\">\n\t<div  class=\"vc_col-sm-12 wpb_column column_container vc_column_container col no-extra-padding inherit_tablet inherit_phone \"  data-padding-pos=\"all\" data-has-bg-color=\"false\" data-bg-color=\"\" data-bg-opacity=\"1\" data-animation=\"\" data-delay=\"0\" >\n\t\t<div class=\"vc_column-inner\" >\n\t\t\t<div class=\"wpb_wrapper\">\n\t\t\t\t<div class=\"img-with-aniamtion-wrap  custom-size\" data-max-width=\"100%\" data-max-width-mobile=\"default\" data-shadow=\"none\" data-animation=\"none\" >\n      <div class=\"inner\">\n        <div class=\"hover-wrap\"> \n          <div class=\"hover-wrap-inner\">\n            <img loading=\"lazy\" decoding=\"async\" class=\"img-with-animation skip-lazy\" data-delay=\"0\" height=\"300\" width=\"300\" data-animation=\"none\" src=\"https:\/\/www.home.dbrsp.de\/wp-content\/uploads\/2024\/01\/Bild-1-300x300.jpeg\" alt=\"\" srcset=\"https:\/\/www.home.dbrsp.de\/wp-content\/uploads\/2024\/01\/Bild-1-300x300.jpeg 300w, https:\/\/www.home.dbrsp.de\/wp-content\/uploads\/2024\/01\/Bild-1-150x150.jpeg 150w, https:\/\/www.home.dbrsp.de\/wp-content\/uploads\/2024\/01\/Bild-1-768x768.jpeg 768w, https:\/\/www.home.dbrsp.de\/wp-content\/uploads\/2024\/01\/Bild-1-12x12.jpeg 12w, https:\/\/www.home.dbrsp.de\/wp-content\/uploads\/2024\/01\/Bild-1-140x140.jpeg 140w, https:\/\/www.home.dbrsp.de\/wp-content\/uploads\/2024\/01\/Bild-1-100x100.jpeg 100w, https:\/\/www.home.dbrsp.de\/wp-content\/uploads\/2024\/01\/Bild-1-500x500.jpeg 500w, https:\/\/www.home.dbrsp.de\/wp-content\/uploads\/2024\/01\/Bild-1-350x350.jpeg 350w, https:\/\/www.home.dbrsp.de\/wp-content\/uploads\/2024\/01\/Bild-1.jpeg 800w\" sizes=\"auto, (max-width: 300px) 100vw, 300px\" \/>\n          <\/div>\n        <\/div>\n        \n      <\/div>\n    <\/div>\n\t\t\t<\/div> \n\t\t<\/div>\n\t<\/div> \n<\/div><\/div>\n","protected":false},"excerpt":{"rendered":"\u2013 MINT-Begeisterung schaffen mit einem etwas anderen Adventskalender. Auch dieses Schuljahr hatten alle Sch\u00fclerinnen und Sch\u00fcler der f\u00fcnften und sechsten Klassen die M\u00f6glichkeit, am Mathe-Adventskalender teilzunehmen. Die Schule sponserte dabei...","protected":false},"author":4,"featured_media":19939,"comment_status":"closed","ping_status":"open","sticky":false,"template":"","format":"standard","meta":{"inline_featured_image":false,"footnotes":""},"categories":[32,67],"tags":[],"class_list":{"0":"post-19938","1":"post","2":"type-post","3":"status-publish","4":"format-standard","5":"has-post-thumbnail","7":"category-mint","8":"category-schuljahr-2023-24"},"_links":{"self":[{"href":"https:\/\/www.home.dbrsp.de\/index.php\/wp-json\/wp\/v2\/posts\/19938","targetHints":{"allow":["GET"]}}],"collection":[{"href":"https:\/\/www.home.dbrsp.de\/index.php\/wp-json\/wp\/v2\/posts"}],"about":[{"href":"https:\/\/www.home.dbrsp.de\/index.php\/wp-json\/wp\/v2\/types\/post"}],"author":[{"embeddable":true,"href":"https:\/\/www.home.dbrsp.de\/index.php\/wp-json\/wp\/v2\/users\/4"}],"replies":[{"embeddable":true,"href":"https:\/\/www.home.dbrsp.de\/index.php\/wp-json\/wp\/v2\/comments?post=19938"}],"version-history":[{"count":27,"href":"https:\/\/www.home.dbrsp.de\/index.php\/wp-json\/wp\/v2\/posts\/19938\/revisions"}],"predecessor-version":[{"id":22076,"href":"https:\/\/www.home.dbrsp.de\/index.php\/wp-json\/wp\/v2\/posts\/19938\/revisions\/22076"}],"wp:featuredmedia":[{"embeddable":true,"href":"https:\/\/www.home.dbrsp.de\/index.php\/wp-json\/wp\/v2\/media\/19939"}],"wp:attachment":[{"href":"https:\/\/www.home.dbrsp.de\/index.php\/wp-json\/wp\/v2\/media?parent=19938"}],"wp:term":[{"taxonomy":"category","embeddable":true,"href":"https:\/\/www.home.dbrsp.de\/index.php\/wp-json\/wp\/v2\/categories?post=19938"},{"taxonomy":"post_tag","embeddable":true,"href":"https:\/\/www.home.dbrsp.de\/index.php\/wp-json\/wp\/v2\/tags?post=19938"}],"curies":[{"name":"wp","href":"https:\/\/api.w.org\/{rel}","templated":true}]}}