{"id":21301,"date":"2023-07-27T22:22:24","date_gmt":"2023-07-27T20:22:24","guid":{"rendered":"https:\/\/www.home.dbrsp.de\/?p=21301"},"modified":"2024-01-09T10:34:46","modified_gmt":"2024-01-09T09:34:46","slug":"ehrung-herausragender-schulabsolventinnen-und-absolventen","status":"publish","type":"post","link":"https:\/\/www.home.dbrsp.de\/index.php\/2023\/07\/27\/ehrung-herausragender-schulabsolventinnen-und-absolventen\/","title":{"rendered":"Ehrung herausragender Schulabsolventinnen &#8211; und Absolventen"},"content":{"rendered":"<p><strong>Einladung des bayerischen Ministerpr\u00e4sidenten\u00a0Sch\u00fcler der 10. Jahrgangsstufe unserer Schule mit dabei<\/strong><\/p>\n<p>Samuel Volkwein, Sch\u00fcler der Klasse 10b, wurde aufgrund seiner herausragenden Noten sowie seines besonderen sozialen und musikalischen Engagements zu einem Festakt mit anschlie\u00dfendem Empfang in die Allerheiligen-Hofkirche der Residenz M\u00fcnchen eingeladen. Vielen Dank, lieber Samuel, f\u00fcr dein Engagement f\u00fcr unsere Schule! Wir w\u00fcnschen dir f\u00fcr deine Zukunft das Allerbeste!<\/p>\n<p style=\"text-align: right;\"><em>Sylvie Schnaubelt<\/em><\/p>\n<p><img loading=\"lazy\" decoding=\"async\" class=\"aligncenter wp-image-21304 size-large\" src=\"https:\/\/www.home.dbrsp.de\/wp-content\/uploads\/2023\/08\/IMG_7065-scaled-e1690921220693-1024x550.jpeg\" alt=\"\" width=\"1024\" height=\"550\" srcset=\"https:\/\/www.home.dbrsp.de\/wp-content\/uploads\/2023\/08\/IMG_7065-scaled-e1690921220693-1024x550.jpeg 1024w, https:\/\/www.home.dbrsp.de\/wp-content\/uploads\/2023\/08\/IMG_7065-scaled-e1690921220693-300x161.jpeg 300w, https:\/\/www.home.dbrsp.de\/wp-content\/uploads\/2023\/08\/IMG_7065-scaled-e1690921220693-768x413.jpeg 768w, https:\/\/www.home.dbrsp.de\/wp-content\/uploads\/2023\/08\/IMG_7065-scaled-e1690921220693-1536x826.jpeg 1536w, https:\/\/www.home.dbrsp.de\/wp-content\/uploads\/2023\/08\/IMG_7065-scaled-e1690921220693-2048x1101.jpeg 2048w\" sizes=\"auto, (max-width: 1024px) 100vw, 1024px\" \/><\/p>\n","protected":false},"excerpt":{"rendered":"<p>Einladung des bayerischen Ministerpr\u00e4sidenten\u00a0Sch\u00fcler der 10. Jahrgangsstufe unserer Schule mit dabei Samuel Volkwein, Sch\u00fcler der Klasse 10b, wurde aufgrund seiner herausragenden Noten sowie seines besonderen sozialen und musikalischen Engagements zu&#8230;<\/p>\n","protected":false},"author":4,"featured_media":21303,"comment_status":"closed","ping_status":"open","sticky":false,"template":"","format":"standard","meta":{"inline_featured_image":false,"footnotes":""},"categories":[68],"tags":[],"class_list":{"0":"post-21301","1":"post","2":"type-post","3":"status-publish","4":"format-standard","5":"has-post-thumbnail","7":"category-schuljahr-2022-23"},"_links":{"self":[{"href":"https:\/\/www.home.dbrsp.de\/index.php\/wp-json\/wp\/v2\/posts\/21301","targetHints":{"allow":["GET"]}}],"collection":[{"href":"https:\/\/www.home.dbrsp.de\/index.php\/wp-json\/wp\/v2\/posts"}],"about":[{"href":"https:\/\/www.home.dbrsp.de\/index.php\/wp-json\/wp\/v2\/types\/post"}],"author":[{"embeddable":true,"href":"https:\/\/www.home.dbrsp.de\/index.php\/wp-json\/wp\/v2\/users\/4"}],"replies":[{"embeddable":true,"href":"https:\/\/www.home.dbrsp.de\/index.php\/wp-json\/wp\/v2\/comments?post=21301"}],"version-history":[{"count":3,"href":"https:\/\/www.home.dbrsp.de\/index.php\/wp-json\/wp\/v2\/posts\/21301\/revisions"}],"predecessor-version":[{"id":21306,"href":"https:\/\/www.home.dbrsp.de\/index.php\/wp-json\/wp\/v2\/posts\/21301\/revisions\/21306"}],"wp:featuredmedia":[{"embeddable":true,"href":"https:\/\/www.home.dbrsp.de\/index.php\/wp-json\/wp\/v2\/media\/21303"}],"wp:attachment":[{"href":"https:\/\/www.home.dbrsp.de\/index.php\/wp-json\/wp\/v2\/media?parent=21301"}],"wp:term":[{"taxonomy":"category","embeddable":true,"href":"https:\/\/www.home.dbrsp.de\/index.php\/wp-json\/wp\/v2\/categories?post=21301"},{"taxonomy":"post_tag","embeddable":true,"href":"https:\/\/www.home.dbrsp.de\/index.php\/wp-json\/wp\/v2\/tags?post=21301"}],"curies":[{"name":"wp","href":"https:\/\/api.w.org\/{rel}","templated":true}]}}