{"id":21742,"date":"2023-11-21T10:46:42","date_gmt":"2023-11-21T09:46:42","guid":{"rendered":"https:\/\/www.home.dbrsp.de\/?p=21742"},"modified":"2024-03-18T18:07:56","modified_gmt":"2024-03-18T17:07:56","slug":"juniorakademie-bayern-23","status":"publish","type":"post","link":"https:\/\/www.home.dbrsp.de\/index.php\/2023\/11\/21\/juniorakademie-bayern-23\/","title":{"rendered":"JuniorAkademie Bayern 23"},"content":{"rendered":"\n\t\t<div id=\"fws_69f2ad0b59b66\"  data-column-margin=\"default\" data-midnight=\"dark\"  class=\"wpb_row vc_row-fluid vc_row\"  style=\"padding-top: 0px; padding-bottom: 0px; \"><div class=\"row-bg-wrap\" data-bg-animation=\"none\" data-bg-animation-delay=\"\" data-bg-overlay=\"false\"><div class=\"inner-wrap row-bg-layer\" ><div class=\"row-bg viewport-desktop\"  style=\"\"><\/div><\/div><\/div><div class=\"row_col_wrap_12 col span_12 dark left\">\n\t<div  class=\"vc_col-sm-6 wpb_column column_container vc_column_container col no-extra-padding inherit_tablet inherit_phone \"  data-padding-pos=\"all\" data-has-bg-color=\"false\" data-bg-color=\"\" data-bg-opacity=\"1\" data-animation=\"\" data-delay=\"0\" >\n\t\t<div class=\"vc_column-inner\" >\n\t\t\t<div class=\"wpb_wrapper\">\n\t\t\t\t\n<div class=\"wpb_text_column wpb_content_element \" >\n\t<p style=\"font-weight: 400;\">Das Fraunhofer-Institut f\u00fcr Integrierte Schaltungen (IIS) bietet alle zwei Jahre die JuniorAkademie Bayern an. Dies ist ein au\u00dferschulisches Programm, an dem interessierte Sch\u00fclerinnen und Sch\u00fcler, der 8. und 9. Klassen bayerischer Realschulen und Gymnasien teilnehmen k\u00f6nnen. Dieses Jahr fand die 10. JuniorAkademie Bayern vom 09. bis zum 18.08.23 auf dem Fraunhofer-Forschungscampus in Waischenfeld statt.<\/p>\n<p style=\"font-weight: 400;\">Nach dem Bewerbungsverfahren im Fr\u00fchling, durfte ich einen der drei\u00dfig begehrten Pl\u00e4tze belegen. Die zehn Tage gliederten sich in drei Hauptkurse auf: \u201ePhotonen, Linsen, Bits und Pixel\u201c, \u201eChemie mit Farbe und Musik\u201c &#8211; \u201eModelle der Erzeugung und Wahrnehmung\u201c. Diese wurden durch kurs\u00fcbergreifende Angebote wie Sport und Kunst sowie Exkursionen erg\u00e4nzt.<\/p>\n<p style=\"font-weight: 400;\">Ich belegte \u201ePhotonen, Linsen, Bits und Pixel\u201c und den Sportkurs.<\/p>\n<p style=\"font-weight: 400;\">Die Hauptkurse gestalten sich \u00e4hnlich wie Schulf\u00e4cher, nur der Lerninhalt ist wesentlich intensiver.\u00a0 Mein Kurs besch\u00e4ftigte sich rund um das Foto, also physikalischen Themen wie Optik und der Entstehung des Lichts. Zum Beispiel lernte ich, wie ein Bildsensor funktioniert. Allerdings machten wir auch viele Versuche z.B.\u00a0zur Interferenz oder zu Farbspektren im Licht.<\/p>\n<p style=\"font-weight: 400;\">Am IIS-Tag gab uns das Fraunhofer Institut einen Einblick in die Forschungen, die sie betreiben. Zudem kam ein R\u00f6ntgenmobil sowie Wissenschaftler, die uns deren aktuellen Projekte pr\u00e4sentierten.<\/p>\n<p style=\"font-weight: 400;\">Die zehn Tage bestanden aber nicht nur aus Lernen. F\u00fcr Abwechslung sorgte der Sportkurs, in dem wir u. a. Spikeball spielten und ins nahegelegene Freibad gingen. Au\u00dferdem besuchten wir die Teufelsh\u00f6hle in Pottenstein und einen Freizeitpark. Der Tag endete meistens mit einem Lagerfeuer, Kicker, Tischtennis oder gemeinsamen Musizieren.<\/p>\n<p style=\"font-weight: 400;\">Rundum war es ein sehr sch\u00f6nes Erlebnis, wir hatten eine super Gemeinschaft, viel Spa\u00df und ich habe viel Neues gelernt. Deshalb habe ich mich auch sehr gefreut, dass es am 21.10.23 noch einmal ein Treffen in Erlangen auf Einladung des Fraunhofer-Instituts gab. Dort bekamen wir im Rahmen der langen Nacht der Wissenschaften eine exklusive F\u00fchrung durch die Forschungseinrichtungen.<\/p>\n<\/div>\n\n\n\n\n\t\t\t<\/div> \n\t\t<\/div>\n\t<\/div> \n\n\t<div  class=\"vc_col-sm-6 wpb_column column_container vc_column_container col no-extra-padding inherit_tablet inherit_phone \"  data-padding-pos=\"all\" data-has-bg-color=\"false\" data-bg-color=\"\" data-bg-opacity=\"1\" data-animation=\"\" data-delay=\"0\" >\n\t\t<div class=\"vc_column-inner\" >\n\t\t\t<div class=\"wpb_wrapper\">\n\t\t\t\t<div class=\"img-with-aniamtion-wrap \" data-max-width=\"100%\" data-max-width-mobile=\"default\" data-shadow=\"none\" data-animation=\"none\" >\n      <div class=\"inner\">\n        <div class=\"hover-wrap\"> \n          <div class=\"hover-wrap-inner\">\n            <img loading=\"lazy\" decoding=\"async\" class=\"img-with-animation skip-lazy\" data-delay=\"0\" height=\"2560\" width=\"1920\" data-animation=\"none\" src=\"https:\/\/www.home.dbrsp.de\/wp-content\/uploads\/2023\/11\/IMG_8032-scaled.jpeg\" alt=\"\" srcset=\"https:\/\/www.home.dbrsp.de\/wp-content\/uploads\/2023\/11\/IMG_8032-scaled.jpeg 1920w, https:\/\/www.home.dbrsp.de\/wp-content\/uploads\/2023\/11\/IMG_8032-225x300.jpeg 225w, https:\/\/www.home.dbrsp.de\/wp-content\/uploads\/2023\/11\/IMG_8032-768x1024.jpeg 768w, https:\/\/www.home.dbrsp.de\/wp-content\/uploads\/2023\/11\/IMG_8032-1152x1536.jpeg 1152w, https:\/\/www.home.dbrsp.de\/wp-content\/uploads\/2023\/11\/IMG_8032-1536x2048.jpeg 1536w, https:\/\/www.home.dbrsp.de\/wp-content\/uploads\/2023\/11\/IMG_8032-9x12.jpeg 9w\" sizes=\"auto, (max-width: 1920px) 100vw, 1920px\" \/>\n          <\/div>\n        <\/div>\n        \n      <\/div>\n    <\/div>\n<div class=\"wpb_text_column wpb_content_element \" >\n\t<p style=\"text-align: right;\"><em>Pascal R\u00fchlicke<\/em><\/p>\n<\/div>\n\n\n\n\n\t\t\t<\/div> \n\t\t<\/div>\n\t<\/div> \n<\/div><\/div>\n","protected":false},"excerpt":{"rendered":"Das Fraunhofer-Institut f\u00fcr Integrierte Schaltungen (IIS) bietet alle zwei Jahre die JuniorAkademie Bayern an. Dies ist ein au\u00dferschulisches Programm, an dem interessierte Sch\u00fclerinnen und Sch\u00fcler, der 8. und 9. Klassen...","protected":false},"author":4,"featured_media":21730,"comment_status":"closed","ping_status":"open","sticky":false,"template":"","format":"standard","meta":{"inline_featured_image":false,"footnotes":""},"categories":[32,67],"tags":[],"class_list":{"0":"post-21742","1":"post","2":"type-post","3":"status-publish","4":"format-standard","5":"has-post-thumbnail","7":"category-mint","8":"category-schuljahr-2023-24"},"_links":{"self":[{"href":"https:\/\/www.home.dbrsp.de\/index.php\/wp-json\/wp\/v2\/posts\/21742","targetHints":{"allow":["GET"]}}],"collection":[{"href":"https:\/\/www.home.dbrsp.de\/index.php\/wp-json\/wp\/v2\/posts"}],"about":[{"href":"https:\/\/www.home.dbrsp.de\/index.php\/wp-json\/wp\/v2\/types\/post"}],"author":[{"embeddable":true,"href":"https:\/\/www.home.dbrsp.de\/index.php\/wp-json\/wp\/v2\/users\/4"}],"replies":[{"embeddable":true,"href":"https:\/\/www.home.dbrsp.de\/index.php\/wp-json\/wp\/v2\/comments?post=21742"}],"version-history":[{"count":3,"href":"https:\/\/www.home.dbrsp.de\/index.php\/wp-json\/wp\/v2\/posts\/21742\/revisions"}],"predecessor-version":[{"id":21746,"href":"https:\/\/www.home.dbrsp.de\/index.php\/wp-json\/wp\/v2\/posts\/21742\/revisions\/21746"}],"wp:featuredmedia":[{"embeddable":true,"href":"https:\/\/www.home.dbrsp.de\/index.php\/wp-json\/wp\/v2\/media\/21730"}],"wp:attachment":[{"href":"https:\/\/www.home.dbrsp.de\/index.php\/wp-json\/wp\/v2\/media?parent=21742"}],"wp:term":[{"taxonomy":"category","embeddable":true,"href":"https:\/\/www.home.dbrsp.de\/index.php\/wp-json\/wp\/v2\/categories?post=21742"},{"taxonomy":"post_tag","embeddable":true,"href":"https:\/\/www.home.dbrsp.de\/index.php\/wp-json\/wp\/v2\/tags?post=21742"}],"curies":[{"name":"wp","href":"https:\/\/api.w.org\/{rel}","templated":true}]}}