{"id":22216,"date":"2024-03-14T10:21:04","date_gmt":"2024-03-14T09:21:04","guid":{"rendered":"https:\/\/www.home.dbrsp.de\/?p=22216"},"modified":"2024-03-20T09:47:08","modified_gmt":"2024-03-20T08:47:08","slug":"la-reunion-2023-reisebericht-sina-8c","status":"publish","type":"post","link":"https:\/\/www.home.dbrsp.de\/index.php\/2024\/03\/14\/la-reunion-2023-reisebericht-sina-8c\/","title":{"rendered":"La R\u00e9union 2023 &#8211; Reisebericht Sina (8C)"},"content":{"rendered":"\n\t\t<div id=\"fws_69f2c02ec4da8\"  data-column-margin=\"default\" data-midnight=\"dark\"  class=\"wpb_row vc_row-fluid vc_row\"  style=\"padding-top: 0px; padding-bottom: 0px; \"><div class=\"row-bg-wrap\" data-bg-animation=\"none\" data-bg-animation-delay=\"\" data-bg-overlay=\"false\"><div class=\"inner-wrap row-bg-layer\" ><div class=\"row-bg viewport-desktop\"  style=\"\"><\/div><\/div><\/div><div class=\"row_col_wrap_12 col span_12 dark left\">\n\t<div  class=\"vc_col-sm-12 wpb_column column_container vc_column_container col no-extra-padding inherit_tablet inherit_phone \"  data-padding-pos=\"all\" data-has-bg-color=\"false\" data-bg-color=\"\" data-bg-opacity=\"1\" data-animation=\"\" data-delay=\"0\" >\n\t\t<div class=\"vc_column-inner\" >\n\t\t\t<div class=\"wpb_wrapper\">\n\t\t\t\t\n<div class=\"wpb_text_column wpb_content_element \" >\n\t<h4>Bericht von Sina, 8C<\/h4>\n<p style=\"font-weight: 400;\">Bei der Zusammenkunft aller 7. Klassen der Dominik-Brunner Realschule im Juli 2023 und der Vorstellung des Erasmus+ Projektes wurde bei vielen die Neugierde geweckt. Es bewarben sich viele Sch\u00fcler f\u00fcr den geplanten Sch\u00fcleraustausch entweder nach Barcelona in Spanien oder auf die franz\u00f6sische Insel La R\u00e9union in der N\u00e4he von Madagaskar. Unfassbar gro\u00df war die Freude und die Spannung bei den 12 Sch\u00fclern und Sch\u00fclerinnen, welche aufgrund ihrer Bewerbung f\u00fcr den Austausch mit der Partnerschule in St. Denis auf La R\u00e9union ausgew\u00e4hlt wurden. Das Motto des Erasmus+ Projektes \u201eLife a healthy life with harmony in nature\u201c versprach eine interessante Mischung aus Kultur, sozialerem Miteinander, Entdeckungen, viel Neuem und spannenden Erfahrungen.<\/p>\n<p style=\"font-weight: 400;\">Die Zeit bis zum Abflug am 17.11.2023 war mit viel Vorbereitung gef\u00fcllt. Am Nachmittag standen immer wieder gemeinsame Treffen der 12 Austauschsch\u00fcler und der beiden Lehrkr\u00e4fte, welche den Austausch begleiten, auf dem Plan. Hier wurden flei\u00dfig Vorbereitungen getroffen, Projekte zur Vorstellung umgesetzt und auch bereits online mit den Partnersch\u00fclern auf der sonnigen Insel kommuniziert. Die ein oder andere Konstellation hat sich so schon vorher aufgrund des privaten Austausches der Sch\u00fclerInnen untereinander schon vor der eigentlichen Reise ergeben.<\/p>\n<p style=\"font-weight: 400;\">Die Spannung wuchs ins Unermessliche und die Neugierde, was einen in einer so komplett anderen Welt \u2013 einer so weit entfernten Insel im Indischen Ozean \u2013 wohl erwarten w\u00fcrde, war riesengro\u00df. Aber bei so manch einem war auch eine gro\u00dfe Portion Aufgeregtheit dabei: So weit weg von zu Hause war von den Sch\u00fclerInnen noch keiner allein ohne Eltern. Welch ein Abenteuer uns hier bevor stand, konnten wir uns alle in unseren sch\u00f6nsten Tr\u00e4umen nicht ausmalen.<\/p>\n<p style=\"font-weight: 400;\">\u00a0Wir trafen uns morgens am Flughafen M\u00fcnchen und verabschiedeten unsere Eltern. Endlich ging es los. Die zwei Stunden bis Paris, unserem Zwischenstopp, vergingen wie im Flug. Die 5 Stunden Wartezeit am Flughafen Charles-de-Gaulle wurden mit Kartenspielen und Spazierg\u00e4ngen in dem Wartebereich gemeinsam schnell \u00fcber die Runden gebracht. Ob das wohl auch an der Vorfreude lag, dass keinem langweilig war? P\u00fcnktlich um 18:05 Uhr startete unser Flugzeug und vor uns lag ein 12-st\u00fcndiger Flug \u00fcber den kompletten europ\u00e4ischen und afrikanischen Kontinent. La R\u00e9union begr\u00fc\u00dfte uns am Morgen mit einem fantastischen Sonnenaufgang und unser Flugzeug landete um 08:05 Uhr.<\/p>\n<p style=\"font-weight: 400;\">Unsere Gastsch\u00fcler begr\u00fc\u00dften uns herzlich mit bunten Schildern und ebenfalls viel sichtbarer Vorfreude. Nachdem wir unser Gep\u00e4ck am Centre Jacques Tessier f\u00fcr den Rest des Tages abstellen konnten, sind wir alle gemeinsam nach lustigen Spielen zum Kennenlernen zu einem Strand in N\u00e4he von St. Denis, der Hauptstadt von La Reunion gefahren. F\u00fcr unsere Gastsch\u00fcler ist der Anblick des t\u00fcrkisblauen weiten Meeres und der im Hintergrund auft\u00fcrmenden Berge, die das Landschaftsbild La Reunions, pr\u00e4gen, nat\u00fcrlich normal. Aber wir sind davon beeindruckt. Ebenfalls gef\u00e4llt uns von Anfang an auch die Lebensfreude und die Herzlichkeit unserer neuen Freunde. Fast alle verstehen sich von Anfang an super mit Ihren Gastsch\u00fclern und genie\u00dfen die gemeinsame restliche Zeit des Tages, bei der wir schnorchelnd die bunte Fischwelt der vor Haien abgesicherten Bucht bestaunen. Am Abend geht es f\u00fcr alle ersch\u00f6pft aber gl\u00fccklich zu unserer Gastfamilie, wo wir zufrieden die erste Nacht verbringen.<\/p>\n<p style=\"font-weight: 400;\">Der n\u00e4chste Morgen begann sehr fr\u00fch f\u00fcr uns. Wir trafen uns zeitig am Coll\u00e8ge Bourbon, der Partnerschule in St. Denis. Der Bus brachte uns \u00fcber sehr kurvige und teilweise enge Bergstra\u00dfen nach Saint-Gilles-Les-Bains, einem Badeort an der Westk\u00fcste der Insel. Den lustigen \u201eBeach-Day\u201c verbrachten wir mit schnorcheln im warmen Meerwasser und standen oder sa\u00dfen gemeinsam mit unseren Gastsch\u00fclern auf SUPs und paddelten \u00fcber die leichten Wellen in dieser traumhaften Kulisse. Wir genie\u00dfen den Tag, die Landschaft, das Meer, den Strand, aber vor allem die Gesellschaft unserer Gastsch\u00fcler. Hier und da ist das Englisch noch etwas holprig, aber wir finden immer einen Weg miteinander zu kommunizieren. Zur\u00fcck ging es holprig mit dem Bus zu unseren Gastfamilien, wo wir f\u00fcr die n\u00e4chsten zwei Tage unsere Sachen packen mussten.<\/p>\n<p style=\"font-weight: 400;\">Nach einer erholsamen Nacht bei unseren Gastfamilien trafen wir uns wieder zeitig am Morgen alle am Coll\u00e8ge Bourbon und mit dem Bus ging es \u00fcber abenteuerliche Stra\u00dfen, die sich an Bergen und T\u00e4lern entlang schl\u00e4ngeln, nach Cilaos, einem Ort inmitten der bergigen Insel. Nachdem wir unsere 4-Bett-Zimmer bezogen und das Internat, in welchem wir die n\u00e4chsten zwei N\u00e4chte verbringen, erkundet haben, gab es zur St\u00e4rkung ein Mittagessen. Danach startete ein Ausflug der einiges an \u00dcberwindung abverlangte. Eine Felswand t\u00fcrmte sich vor uns auf und wir sollten diese gesichert von unseren Gastsch\u00fclern erklimmen. Dass wir alle dies gemeistert haben, zeigt welches Vertrauen wir schon in der kurzen Zeit in unsere Freunde von der Insel haben.<\/p>\n<p style=\"font-weight: 400;\">Am zweiten Tag in der N\u00e4he von Cilaos ging es zeitig los zu einer achtst\u00fcndigen Wandertour inmitten von dieser beeindruckenden bergigen Landschaft. Gr\u00fcn bewachsene Felsen und Berge, soweit das Auge reicht und eine ganz andere vielf\u00e4ltige Pflanzen- und Tierwelt zum Bestaunen. An einem wundersch\u00f6nen Wasserfall sammelten wir bei einer ausf\u00fchrlichen Pause nochmal unsere Kr\u00e4fte f\u00fcr den Rest der Wanderstrecke zur\u00fcck zum Internat. Auf dem R\u00fcckweg haben wir bei einem Glas frisch gepressten Orangensaft hinter einem Marktstand den Abend mit gem\u00fctlichem beisammen sitzen in Ruhe ausklingen lassen, bevor wir alle mit unseren m\u00fcden Beinen in die Betten im Internat gefallen sind.<\/p>\n<\/div>\n\n\n\n\n\t\t\t<\/div> \n\t\t<\/div>\n\t<\/div> \n<\/div><\/div>\n\t\t<div id=\"fws_69f2c02ec53a6\"  data-column-margin=\"default\" data-midnight=\"dark\"  class=\"wpb_row vc_row-fluid vc_row\"  style=\"padding-top: 0px; padding-bottom: 0px; \"><div class=\"row-bg-wrap\" data-bg-animation=\"none\" data-bg-animation-delay=\"\" data-bg-overlay=\"false\"><div class=\"inner-wrap row-bg-layer\" ><div class=\"row-bg viewport-desktop\"  style=\"\"><\/div><\/div><\/div><div class=\"row_col_wrap_12 col span_12 dark left\">\n\t<div  class=\"vc_col-sm-12 wpb_column column_container vc_column_container col no-extra-padding inherit_tablet inherit_phone \"  data-padding-pos=\"all\" data-has-bg-color=\"false\" data-bg-color=\"\" data-bg-opacity=\"1\" data-animation=\"\" data-delay=\"0\" >\n\t\t<div class=\"vc_column-inner\" >\n\t\t\t<div class=\"wpb_wrapper\">\n\t\t\t\t<div class=\"img-with-aniamtion-wrap center\" data-max-width=\"100%\" data-max-width-mobile=\"default\" data-shadow=\"none\" data-animation=\"none\" >\n      <div class=\"inner\">\n        <div class=\"hover-wrap\"> \n          <div class=\"hover-wrap-inner\">\n            <a href=\"https:\/\/www.home.dbrsp.de\/wp-content\/uploads\/2024\/03\/Reunion_3.jpeg\" class=\"pp center\">\n              <img loading=\"lazy\" decoding=\"async\" class=\"img-with-animation skip-lazy\" data-delay=\"0\" height=\"640\" width=\"480\" data-animation=\"none\" src=\"https:\/\/www.home.dbrsp.de\/wp-content\/uploads\/2024\/03\/Reunion_3.jpeg\" alt=\"\" srcset=\"https:\/\/www.home.dbrsp.de\/wp-content\/uploads\/2024\/03\/Reunion_3.jpeg 480w, https:\/\/www.home.dbrsp.de\/wp-content\/uploads\/2024\/03\/Reunion_3-225x300.jpeg 225w\" sizes=\"auto, (max-width: 480px) 100vw, 480px\" \/>\n            <\/a>\n          <\/div>\n        <\/div>\n         \n      <\/div>\n      <\/div>\n\t\t\t<\/div> \n\t\t<\/div>\n\t<\/div> \n<\/div><\/div>\n\t\t<div id=\"fws_69f2c02ec5ab2\"  data-column-margin=\"default\" data-midnight=\"dark\"  class=\"wpb_row vc_row-fluid vc_row\"  style=\"padding-top: 0px; padding-bottom: 0px; \"><div class=\"row-bg-wrap\" data-bg-animation=\"none\" data-bg-animation-delay=\"\" data-bg-overlay=\"false\"><div class=\"inner-wrap row-bg-layer\" ><div class=\"row-bg viewport-desktop\"  style=\"\"><\/div><\/div><\/div><div class=\"row_col_wrap_12 col span_12 dark left\">\n\t<div  class=\"vc_col-sm-12 wpb_column column_container vc_column_container col no-extra-padding inherit_tablet inherit_phone \"  data-padding-pos=\"all\" data-has-bg-color=\"false\" data-bg-color=\"\" data-bg-opacity=\"1\" data-animation=\"\" data-delay=\"0\" >\n\t\t<div class=\"vc_column-inner\" >\n\t\t\t<div class=\"wpb_wrapper\">\n\t\t\t\t\n<div class=\"wpb_text_column wpb_content_element \" >\n\t<p style=\"font-weight: 400;\">Den n\u00e4chsten Morgen starteten wir wieder an dem leckeren Saftstand, von wo aus es anschlie\u00dfend auf die dahinterliegenden Felder ging. Dort wurde uns von einheimischen Bauern erkl\u00e4rt, wie man Bohnen erntet und auss\u00e4ht. Nat\u00fcrlich durften wir dies auch selbst ausprobieren. Am sp\u00e4ten Nachmittag fuhren wir mit dem Bus wieder die zwei Stunden zur\u00fcck von Cilaos nach St. Denis zu unseren freundlichen Gastfamilien. Hier verbrachten wir alle noch den Abend gemeinsam mit unserer Familie auf Zeit und waren froh nach den zwei anstrengenden aber interessanten Tagen in unserem vor\u00fcbergehenden zu Hause zu sein.<\/p>\n<p>Ein sportlicher und aufregender neuer Tag erwartete uns, denn Rafting stand heute Vormittag auf dem Programm. F\u00fcr manche war die Testrunde ohne Boot in den wilden Str\u00f6mungen etwas gruselig und es gab ein paar kleinere Verletzungen, die aber bei der sehr spa\u00dfigen gemeinsamen Bootsfahrt schnell vergessen waren. Ein lustiges und spannendes Erlebnis, was uns alle noch mehr zusammengeschwei\u00dft hat. Den Nachmittag verbrachten wir am Cascade Niagara, einem Wasserfall des Flusses Sainte-Suzann, mit einem schmackhaften Picknick in dieser traumhaften Landschaft. Nachdem wir wieder bei unseren Gastfamilien ankamen, verabredeten sich alle Sch\u00fcler f\u00fcr den Abend um diesen gemeinsam zu verbringen. Mit Blick aufs Meer wurde zusammen gelacht, geredet und jede gemeinsame Sekunde genossen.<\/p>\n<p style=\"font-weight: 400;\">Bisher haben wir uns immer nur vor dem Coll\u00e8ge Bourbon getroffen, aber an diesem Tag durften wir die Klassen und die Schule unserer Gastsch\u00fcler kennenlernen. Eine viel gr\u00f6\u00dfere Schule als unsere Realschule mit einem riesigen Innenhof von wo aus man in die einzelnen Klassenzimmer geht. In den j\u00fcngeren Jahrg\u00e4ngen der Austauschschule haben wir den Sch\u00fclern im Deutschunterricht helfen k\u00f6nnen. Ohne unsere Gastsch\u00fcler sind wir danach noch in ein Museum gegangen und haben die K\u00fcstenstadt St. Denis in Kleingruppen erkundet. An jeder Ecke gab es f\u00fcr uns etwas Tolles zu sehen und wir nehmen viele Eindr\u00fccke mit nach Hause.<\/p>\n<p style=\"font-weight: 400;\">Der n\u00e4chste Morgen startete mit einer 2-st\u00fcndigen Busfahrt zum Piton de la Fournaise dem noch aktiven Vulkan der Insel. Wir sind insgesamt \u00fcber sechs Stunden gewandert, um durch Wolken zu dem spektakul\u00e4ren Rand des m\u00e4chtigen Vulkans zu gelangen. Ein wirklich beeindruckendes Gef\u00fchl, so nah an einem so respekteinfl\u00f6\u00dfenden Naturhighlight zu stehen. Nat\u00fcrlich kamen wir bei ca. 30 Grad hier ganz sch\u00f6n ins Schwitzen und erfuhren lustigerweise, dass in unsere Familien in Deutschland im Schneechaos versinken.<\/p>\n<\/div>\n\n\n\n\n\t\t\t<\/div> \n\t\t<\/div>\n\t<\/div> \n<\/div><\/div>\n\t\t<div id=\"fws_69f2c02ec5cc5\"  data-column-margin=\"default\" data-midnight=\"dark\"  class=\"wpb_row vc_row-fluid vc_row\"  style=\"padding-top: 0px; padding-bottom: 0px; \"><div class=\"row-bg-wrap\" data-bg-animation=\"none\" data-bg-animation-delay=\"\" data-bg-overlay=\"false\"><div class=\"inner-wrap row-bg-layer\" ><div class=\"row-bg viewport-desktop\"  style=\"\"><\/div><\/div><\/div><div class=\"row_col_wrap_12 col span_12 dark left\">\n\t<div  class=\"vc_col-sm-12 wpb_column column_container vc_column_container col no-extra-padding inherit_tablet inherit_phone \"  data-padding-pos=\"all\" data-has-bg-color=\"false\" data-bg-color=\"\" data-bg-opacity=\"1\" data-animation=\"\" data-delay=\"0\" >\n\t\t<div class=\"vc_column-inner\" >\n\t\t\t<div class=\"wpb_wrapper\">\n\t\t\t\t<div class=\"img-with-aniamtion-wrap center\" data-max-width=\"100%\" data-max-width-mobile=\"default\" data-shadow=\"none\" data-animation=\"none\" >\n      <div class=\"inner\">\n        <div class=\"hover-wrap\"> \n          <div class=\"hover-wrap-inner\">\n            <a href=\"https:\/\/www.home.dbrsp.de\/wp-content\/uploads\/2024\/03\/Reunion_1.jpeg\" class=\"pp center\">\n              <img loading=\"lazy\" decoding=\"async\" class=\"img-with-animation skip-lazy\" data-delay=\"0\" height=\"498\" width=\"640\" data-animation=\"none\" src=\"https:\/\/www.home.dbrsp.de\/wp-content\/uploads\/2024\/03\/Reunion_1.jpeg\" alt=\"\" srcset=\"https:\/\/www.home.dbrsp.de\/wp-content\/uploads\/2024\/03\/Reunion_1.jpeg 640w, https:\/\/www.home.dbrsp.de\/wp-content\/uploads\/2024\/03\/Reunion_1-300x233.jpeg 300w\" sizes=\"auto, (max-width: 640px) 100vw, 640px\" \/>\n            <\/a>\n          <\/div>\n        <\/div>\n         \n      <\/div>\n      <\/div>\n\t\t\t<\/div> \n\t\t<\/div>\n\t<\/div> \n<\/div><\/div>\n\t\t<div id=\"fws_69f2c02ec6303\"  data-column-margin=\"default\" data-midnight=\"dark\"  class=\"wpb_row vc_row-fluid vc_row\"  style=\"padding-top: 0px; padding-bottom: 0px; \"><div class=\"row-bg-wrap\" data-bg-animation=\"none\" data-bg-animation-delay=\"\" data-bg-overlay=\"false\"><div class=\"inner-wrap row-bg-layer\" ><div class=\"row-bg viewport-desktop\"  style=\"\"><\/div><\/div><\/div><div class=\"row_col_wrap_12 col span_12 dark left\">\n\t<div  class=\"vc_col-sm-12 wpb_column column_container vc_column_container col no-extra-padding inherit_tablet inherit_phone \"  data-padding-pos=\"all\" data-has-bg-color=\"false\" data-bg-color=\"\" data-bg-opacity=\"1\" data-animation=\"\" data-delay=\"0\" >\n\t\t<div class=\"vc_column-inner\" >\n\t\t\t<div class=\"wpb_wrapper\">\n\t\t\t\t\n<div class=\"wpb_text_column wpb_content_element \" >\n\t<p style=\"font-weight: 400;\">Der n\u00e4chste Morgen startete mit einer 2-st\u00fcndigen Busfahrt zum Piton de la Fournaise, dem noch aktiven Vulkan der Insel. Wir sind insgesamt \u00fcber sechs Stunden gewandert, um durch Wolken zu dem spektakul\u00e4ren Rand des m\u00e4chtigen Vulkans zu gelangen. Ein wirklich beeindruckendes Gef\u00fchl, so nah an einem so respekteinfl\u00f6\u00dfenden Naturhighlight zu stehen. Nat\u00fcrlich kamen wir bei ca. 30 Grad hier ganz sch\u00f6n ins Schwitzen und erfuhren lustigerweise, dass in unsere Familien in Deutschland im Schneechaos versinken.<\/p>\n<p style=\"font-weight: 400;\">Nach diesem unglaublich faszinierenden und beeindruckenden Tag auf dem Vulkan treffen wir uns alle am n\u00e4chsten Tag zu einem Picknick in einem Park in der N\u00e4he der Gastschule. Dort lernen wir die anderen Gastfamilien kennen, welche auch f\u00fcr uns viele Leckereien mitgebracht haben. Nat\u00fcrlich durfte auch die landestypische Spezialit\u00e4t Reis mit H\u00fchnchen nicht fehlen. Den kommenden Tag verbrachten wir ohne unsere Gastsch\u00fcler wieder am College Bourbon, wo wir viel \u00fcber die Schule gelernt und uns Bienenst\u00f6cke angeschaut haben. Anschlie\u00dfend durften wir wieder in kleinen Gruppen selbst\u00e4ndig St. Denis erkunden.<\/p>\n<p style=\"font-weight: 400;\">Leider hie\u00df nun am n\u00e4chsten und letzten Tag Abschied nehmen von unseren neuen Freunden und unseren lieben Gastfamilien. Mit dem Bus ging es zur\u00fcck zum Flughafen, wo um 10:30 Uhr der Flieger abhob. Bis wir um 22:20 Uhr nach einem Zwischenstopp in Paris wieder in M\u00fcnchen landeten, verbrachten wir den Flug zwar alle sehr m\u00fcde und kaputt, aber mit wundersch\u00f6nen Gedanken. Wirklich abenteuerliche, erlebnisreich und spannende 12 Tage liegen hinter uns. Wir werden bestimmt nie die atemberaubende Natur und die vielf\u00e4ltige Landschaft der Insel vergessen. Was uns aber immer in unseren Gedanken und in unseren Herzen bleiben wird, sind die netten und hilfsbereiten Bewohner von La R\u00e9union mit ihrer unvergleichlich entspannten und lebensfreudigen Art. Wir freuen uns jetzt schon unglaublich auf den baldigen Besuch unserer Gastsch\u00fcler hier bei uns.<\/p>\n<\/div>\n\n\n\n\n\t\t\t<\/div> \n\t\t<\/div>\n\t<\/div> \n<\/div><\/div>\n","protected":false},"excerpt":{"rendered":"Bericht von Sina, 8C Bei der Zusammenkunft aller 7. Klassen der Dominik-Brunner Realschule im Juli 2023 und der Vorstellung des Erasmus+ Projektes wurde bei vielen die Neugierde geweckt. Es bewarben...","protected":false},"author":7,"featured_media":22226,"comment_status":"closed","ping_status":"open","sticky":false,"template":"","format":"standard","meta":{"inline_featured_image":false,"footnotes":""},"categories":[66,67],"tags":[],"class_list":{"0":"post-22216","1":"post","2":"type-post","3":"status-publish","4":"format-standard","5":"has-post-thumbnail","7":"category-erasmus","8":"category-schuljahr-2023-24"},"_links":{"self":[{"href":"https:\/\/www.home.dbrsp.de\/index.php\/wp-json\/wp\/v2\/posts\/22216","targetHints":{"allow":["GET"]}}],"collection":[{"href":"https:\/\/www.home.dbrsp.de\/index.php\/wp-json\/wp\/v2\/posts"}],"about":[{"href":"https:\/\/www.home.dbrsp.de\/index.php\/wp-json\/wp\/v2\/types\/post"}],"author":[{"embeddable":true,"href":"https:\/\/www.home.dbrsp.de\/index.php\/wp-json\/wp\/v2\/users\/7"}],"replies":[{"embeddable":true,"href":"https:\/\/www.home.dbrsp.de\/index.php\/wp-json\/wp\/v2\/comments?post=22216"}],"version-history":[{"count":11,"href":"https:\/\/www.home.dbrsp.de\/index.php\/wp-json\/wp\/v2\/posts\/22216\/revisions"}],"predecessor-version":[{"id":22319,"href":"https:\/\/www.home.dbrsp.de\/index.php\/wp-json\/wp\/v2\/posts\/22216\/revisions\/22319"}],"wp:featuredmedia":[{"embeddable":true,"href":"https:\/\/www.home.dbrsp.de\/index.php\/wp-json\/wp\/v2\/media\/22226"}],"wp:attachment":[{"href":"https:\/\/www.home.dbrsp.de\/index.php\/wp-json\/wp\/v2\/media?parent=22216"}],"wp:term":[{"taxonomy":"category","embeddable":true,"href":"https:\/\/www.home.dbrsp.de\/index.php\/wp-json\/wp\/v2\/categories?post=22216"},{"taxonomy":"post_tag","embeddable":true,"href":"https:\/\/www.home.dbrsp.de\/index.php\/wp-json\/wp\/v2\/tags?post=22216"}],"curies":[{"name":"wp","href":"https:\/\/api.w.org\/{rel}","templated":true}]}}